{"id":615,"date":"2026-07-09T09:05:39","date_gmt":"2026-07-09T07:05:39","guid":{"rendered":"https:\/\/stage.comfortcare.pl\/?p=615"},"modified":"2026-07-09T09:10:14","modified_gmt":"2026-07-09T07:10:14","slug":"bezpieczny-dom-dla-osoby-z-demencja-checklista-dla-opiekunki-w-niemczech","status":"publish","type":"post","link":"https:\/\/stage.comfortcare.pl\/index.php\/2026\/07\/09\/bezpieczny-dom-dla-osoby-z-demencja-checklista-dla-opiekunki-w-niemczech\/","title":{"rendered":"Bezpieczny dom dla osoby z demencj\u0105 \u2013 checklista dla opiekunki w Niemczech"},"content":{"rendered":"\n<p class=\"wp-block-paragraph\">Praca opiekunki w Niemczech przy osobie z demencj\u0105 to odpowiedzialne zadanie \u2013 ale nie takie, z kt\u00f3rym zostajesz sama. <a href=\"https:\/\/www.gov.pl\/web\/zdrowie\/demencja\" target=\"_blank\" rel=\"noopener\">Demencja<\/a> potrafi zaskakiwa\u0107: senior mo\u017ce si\u0119 zgubi\u0107 we w\u0142asnym domu, wyj\u015b\u0107 bez uprzedzenia, potkn\u0105\u0107 si\u0119 o dywanik albo w\u0142\u0105czy\u0107 kuchenk\u0119 i o tym zapomnie\u0107. Dobra wiadomo\u015b\u0107? Wiele z tych sytuacji mo\u017cna spokojnie przewidzie\u0107 i skutecznie im zapobiec \u2013 kilkoma prostymi zmianami, bez remontu i bez stresu. Poni\u017csza checklista pomo\u017ce Ci zadba\u0107 o bezpiecze\u0144stwo podopiecznego ju\u017c od pierwszych dni zlecenia. A je\u015bli w kt\u00f3rym\u015b momencie nie wiesz, jak post\u0105pi\u0107 \u2013 zawsze <a href=\"https:\/\/comfortcare.pl\/kontakt\/\" target=\"_blank\" rel=\"noopener\">mo\u017cesz zadzwoni\u0107 do swojego koordynatora w Comfort Care<\/a>.<\/p>\n\n\n\n<h2 class=\"wp-block-heading\">Praca opiekunki w Niemczech przy osobie z demencj\u0105 \u2013 kr\u00f3tki plan na start<\/h2>\n\n\n\n<p class=\"wp-block-paragraph\">Nie musisz wszystkiego robi\u0107 naraz. <a href=\"https:\/\/www.zwrotnikraka.pl\/demencja-otepienie-co-to-za-choroba\/\" target=\"_blank\" rel=\"noopener\">Praca z chorym na demencj\u0119 nie jest oczywista i do zaplanowania z g\u00f3ry<\/a>. Zacznij od tego, co daje najwi\u0119kszy efekt w najkr\u00f3tszym czasie:<\/p>\n\n\n\n<ol class=\"wp-block-list\">\n<li>Droga do toalety i o\u015bwietlenie nocne<\/li>\n\n\n\n<li>Dywaniki i inne przeszkody na pod\u0142odze<\/li>\n\n\n\n<li>Drzwi wej\u015bciowe i dost\u0119p do kluczy<\/li>\n\n\n\n<li>Kuchnia<\/li>\n<\/ol>\n\n\n\n<p class=\"wp-block-paragraph\">Reszt\u0119 dopracujesz w trakcie, obserwuj\u0105c podopiecznego. Ka\u017cdy senior jest inny \u2013 to, co wa\u017cne u jednej osoby, u innej mo\u017ce nie stanowi\u0107 \u017cadnego problemu.<\/p>\n\n\n\n<h2 class=\"wp-block-heading\"><img loading=\"lazy\" decoding=\"async\" src=\"https:\/\/comfortcare.pl\/wp-content\/uploads\/2025\/07\/old-patient-suffering-from-parkinson-1-scaled.webp\" alt=\"\" width=\"2560\" height=\"1829\"><\/h2>\n\n\n\n<h2 class=\"wp-block-heading\">1. Drzwi i wyj\u015bcia z domu<\/h2>\n\n\n\n<p class=\"wp-block-paragraph\">Jednym z <a href=\"https:\/\/pacjent.gov.pl\/aktualnosc\/moze-byc-demencja\" target=\"_blank\" rel=\"noopener\">charakterystycznych objaw\u00f3w demencji<\/a> jest w\u0119drowanie \u2013 senior mo\u017ce chcie\u0107 \u201ewr\u00f3ci\u0107 do domu&#8221;, \u201ei\u015b\u0107 do pracy&#8221; lub po prostu wyj\u015b\u0107 bez konkretnego celu. Brzmi trudno, ale z odpowiednim przygotowaniem masz pe\u0142n\u0105 kontrol\u0119 nad sytuacj\u0105.<\/p>\n\n\n\n<p class=\"wp-block-paragraph\"><strong>Sprawd\u017a:<\/strong><\/p>\n\n\n\n<ul class=\"wp-block-list\">\n<li>Czy senior ma swobodny dost\u0119p do kluczy?<\/li>\n\n\n\n<li>Czy drzwi wej\u015bciowe da si\u0119 \u0142atwo otworzy\u0107 bez \u017cadnej przeszkody?<\/li>\n\n\n\n<li>Czy wiadomo, co zrobi\u0107, gdyby senior wyszed\u0142 bez Twojej wiedzy?<\/li>\n<\/ul>\n\n\n\n<p class=\"wp-block-paragraph\"><strong>Co pomaga:<\/strong><\/p>\n\n\n\n<ul class=\"wp-block-list\">\n<li>Ustal z rodzin\u0105 jasne zasady: czy senior wychodzi sam, czy tylko z opiekunk\u0105.<\/li>\n\n\n\n<li>Popro\u015b o prosty sygna\u0142 na drzwiach \u2013 dzwoneczek lub czujnik otwarcia. Dzi\u0119ki temu natychmiast wiesz, \u017ce kto\u015b wyszed\u0142, i mo\u017cesz spokojnie zareagowa\u0107.<\/li>\n\n\n\n<li>Nie zostawiaj kluczy na widoku przy wej\u015bciu.<\/li>\n\n\n\n<li>Zadbaj, by senior mia\u0142 przy sobie karteczk\u0119 z adresem i numerem do rodziny \u2013 najlepiej w portfelu lub kieszeni ulubionej kurtki.<\/li>\n<\/ul>\n\n\n\n<p class=\"wp-block-paragraph\">Je\u015bli masz w\u0105tpliwo\u015bci, jak rozmawia\u0107 z rodzin\u0105 o zasadach bezpiecze\u0144stwa \u2013 Tw\u00f3j koordynator z Comfort Care mo\u017ce w tym pom\u00f3c i wesprze\u0107 Ci\u0119 w tej rozmowie.<\/p>\n\n\n\n<h2 class=\"wp-block-heading\">2. O\u015bwietlenie i widoczno\u015b\u0107 w mieszkaniu<\/h2>\n\n\n\n<p class=\"wp-block-paragraph\">S\u0142abe o\u015bwietlenie to jeden z g\u0142\u00f3wnych powod\u00f3w upadk\u00f3w u senior\u00f3w z demencj\u0105. Cienie i odbicia bywaj\u0105 przez chorych odczytywane jako przeszkody lub zagro\u017cenia, co niepotrzebnie wywo\u0142uje l\u0119k.<\/p>\n\n\n\n<p class=\"wp-block-paragraph\"><strong>Sprawd\u017a:<\/strong><\/p>\n\n\n\n<ul class=\"wp-block-list\">\n<li>Czy w korytarzu i \u0142azience jest wystarczaj\u0105co jasno po zmroku?<\/li>\n\n\n\n<li>Czy senior chodzi w nocy do toalety bez w\u0142\u0105czania \u015bwiat\u0142a?<\/li>\n\n\n\n<li>Czy w mieszkaniu s\u0105 miejsca z silnymi, nieprzyjemnymi odbiciami?<\/li>\n<\/ul>\n\n\n\n<p class=\"wp-block-paragraph\"><strong>Proste rozwi\u0105zania:<\/strong><\/p>\n\n\n\n<ul class=\"wp-block-list\">\n<li>Lampka nocna w korytarzu i przy \u0142\u00f3\u017cku \u2013 to jeden z najwa\u017cniejszych i najta\u0144szych element\u00f3w bezpiecznego domu.<\/li>\n\n\n\n<li>\u015awiat\u0142o na czujnik ruchu przy drodze do toalety sprawdzi si\u0119 lepiej ni\u017c tradycyjny w\u0142\u0105cznik, kt\u00f3ry senior mo\u017ce pomija\u0107.<\/li>\n\n\n\n<li>Zas\u0142o\u0144 lub matuj powierzchnie mocno odbijaj\u0105ce \u015bwiat\u0142o, je\u015bli powoduj\u0105 u podopiecznego niepok\u00f3j.<\/li>\n<\/ul>\n\n\n\n<h2 class=\"wp-block-heading\">3. Dywany, pod\u0142oga i przej\u015bcia<\/h2>\n\n\n\n<p class=\"wp-block-paragraph\">Ma\u0142e dywaniki, zagi\u0119te brzegi wyk\u0142adziny i le\u017c\u0105ce kable to klasyczne pu\u0142apki prowadz\u0105ce do upadk\u00f3w. Przy demencji problem si\u0119 pog\u0142\u0119bia, bo senior mo\u017ce po prostu nie zauwa\u017cy\u0107 przeszkody.<\/p>\n\n\n\n<p class=\"wp-block-paragraph\"><strong>Sprawd\u017a:<\/strong><\/p>\n\n\n\n<ul class=\"wp-block-list\">\n<li>Czy przy \u0142\u00f3\u017cku, w korytarzu i \u0142azience le\u017c\u0105 lu\u017ane dywaniki?<\/li>\n\n\n\n<li>Czy w przej\u015bciach znajduj\u0105 si\u0119 kable, przed\u0142u\u017cacze lub progi?<\/li>\n\n\n\n<li>Czy droga od \u0142\u00f3\u017cka do toalety jest wolna i bezpieczna?<\/li>\n<\/ul>\n\n\n\n<p class=\"wp-block-paragraph\"><strong>Co zrobi\u0107:<\/strong><\/p>\n\n\n\n<ul class=\"wp-block-list\">\n<li>Usu\u0144 ma\u0142e dywaniki lub pod\u0142\u00f3\u017c pod nie antypo\u015blizgowe maty.<\/li>\n\n\n\n<li>Kable poprowad\u017a przy \u015bcianie i schowaj pod listw\u0105.<\/li>\n\n\n\n<li>Odsu\u0144 drobne stoliki i dekoracje z g\u0142\u00f3wnych ci\u0105g\u00f3w komunikacyjnych.<\/li>\n\n\n\n<li>Zostaw wyra\u017an\u0105, szerok\u0105 \u015bcie\u017ck\u0119 od \u0142\u00f3\u017cka do toalety i do kuchni.<\/li>\n<\/ul>\n\n\n\n<h2 class=\"wp-block-heading\">4. Kuchnia \u2013 ciep\u0142e posi\u0142ki z g\u0142ow\u0105<\/h2>\n\n\n\n<p class=\"wp-block-paragraph\">Kuchnia to miejsce, gdzie warto zachowa\u0107 szczeg\u00f3ln\u0105 czujno\u015b\u0107 \u2013 ale to nie znaczy, \u017ce senior ma by\u0107 wykluczony z jej u\u017cywania. Chodzi o kilka rozs\u0105dnych zasad, kt\u00f3re zmniejszaj\u0105 ryzyko przy zachowaniu komfortu podopiecznego.<\/p>\n\n\n\n<p class=\"wp-block-paragraph\"><strong>Sprawd\u017a:<\/strong><\/p>\n\n\n\n<ul class=\"wp-block-list\">\n<li>Czy senior korzysta z kuchenki samodzielnie i czy robi to bezpiecznie?<\/li>\n\n\n\n<li>Czy no\u017ce i \u015brodki czysto\u015bci s\u0105 \u0142atwo dost\u0119pne?<\/li>\n\n\n\n<li>Czy czajnik i urz\u0105dzenia elektryczne stoj\u0105 stabilnie?<\/li>\n<\/ul>\n\n\n\n<p class=\"wp-block-paragraph\"><strong>Bezpieczne rozwi\u0105zania:<\/strong><\/p>\n\n\n\n<ul class=\"wp-block-list\">\n<li>Ustal z rodzin\u0105 klarowne zasady: kto i kiedy obs\u0142uguje kuchenk\u0119.<\/li>\n\n\n\n<li>No\u017ce i ostre narz\u0119dzia trzymaj w zamkni\u0119tej szufladzie, nie na blacie.<\/li>\n\n\n\n<li>\u015arodki chemiczne przechowuj poza zasi\u0119giem wzroku i r\u0105k seniora.<\/li>\n\n\n\n<li>Zadbaj o stabilne ustawienie czajnika i schowaj wisz\u0105ce przewody.<\/li>\n<\/ul>\n\n\n\n<h2 class=\"wp-block-heading\">5. \u0141azienka i nocne wstawanie<\/h2>\n\n\n\n<p class=\"wp-block-paragraph\">\u0141azienka jest miejscem, gdzie naj\u0142atwiej o po\u015blizg \u2013 szczeg\u00f3lnie w nocy, gdy senior wstaje p\u00f3\u0142przytomny na \u015bliskiej pod\u0142odze. Kilka prostych zmian wystarczy, by znacz\u0105co poprawi\u0107 bezpiecze\u0144stwo.<\/p>\n\n\n\n<p class=\"wp-block-paragraph\"><strong>Sprawd\u017a:<\/strong><\/p>\n\n\n\n<ul class=\"wp-block-list\">\n<li>Czy pod\u0142oga w \u0142azience jest \u015bliska po k\u0105pieli?<\/li>\n\n\n\n<li>Czy senior wstaje w nocy i idzie do toalety sam?<\/li>\n\n\n\n<li>Czy ma stabilne obuwie domowe?<\/li>\n<\/ul>\n\n\n\n<p class=\"wp-block-paragraph\"><strong>Co pomaga:<\/strong><\/p>\n\n\n\n<ul class=\"wp-block-list\">\n<li>Mata antypo\u015blizgowa w wannie i na pod\u0142odze przy niej.<\/li>\n\n\n\n<li>Nocne \u015bwiat\u0142o prowadz\u0105ce do \u0142azienki.<\/li>\n\n\n\n<li>Kapcie z tward\u0105, antypo\u015blizgow\u0105 podeszw\u0105 i zapi\u0119tkiem \u2013 nie mi\u0119kkie skarpetki ani klapki bez zapi\u0119tka.<\/li>\n<\/ul>\n\n\n\n<h2 class=\"wp-block-heading\"><img loading=\"lazy\" decoding=\"async\" src=\"https:\/\/comfortcare.pl\/wp-content\/uploads\/2025\/07\/ComfortCare-Opiekun-osoby-chorej-na-demencje.webp\" alt=\"ComfortCare - Opieka nad seniorem z demencj\u0105\" width=\"1290\" height=\"860\"><\/h2>\n\n\n\n<h2 class=\"wp-block-heading\">Mini-checklista na pierwszy tydzie\u0144 Pracy Opiekunki w Niemczech<\/h2>\n\n\n\n<p class=\"wp-block-paragraph\">Je\u015bli <strong>praca opiekunki w Niemczech<\/strong> dopiero przed Tob\u0105 lub w\u0142a\u015bnie zaczynasz nowe zlecenie, dzia\u0142aj spokojnie wed\u0142ug tego planu:<\/p>\n\n\n\n<figure class=\"wp-block-table\"><table class=\"has-fixed-layout\"><thead><tr><th>Dzie\u0144<\/th><th>Zadanie<\/th><\/tr><\/thead><tbody><tr><td>Dzie\u0144 1<\/td><td>O\u015bwietlenie nocne + droga do toalety<\/td><\/tr><tr><td>Dzie\u0144 2<\/td><td>Dywaniki + kable + przej\u015bcia<\/td><\/tr><tr><td>Dzie\u0144 3<\/td><td>Drzwi wej\u015bciowe + klucze + sygna\u0142 d\u017awi\u0119kowy<\/td><\/tr><tr><td>Dzie\u0144 4<\/td><td>Kuchnia + ustalenia zasad z rodzin\u0105<\/td><\/tr><\/tbody><\/table><\/figure>\n\n\n\n<p class=\"wp-block-paragraph\">Nie wszystko musi by\u0107 gotowe w jeden dzie\u0144. Wa\u017cne, \u017ceby\u015b dzia\u0142a\u0142a spokojnie i konsekwentnie \u2013 to wystarczy.<\/p>\n\n\n\n<h2 class=\"wp-block-heading\">W Comfort Care nie jeste\u015b sama \u2013 koordynator i numer alarmowy 24\/7<\/h2>\n\n\n\n<p class=\"wp-block-paragraph\">Praca opiekunki w Niemczech wi\u0105\u017ce si\u0119 z odpowiedzialno\u015bci\u0105, ale dobra agencja sprawia, \u017ce ta odpowiedzialno\u015b\u0107 nie spoczywa wy\u0142\u0105cznie na Twoich barkach. W Comfort Care ka\u017cda opiekunka ma przydzielonego <strong>indywidualnego koordynatora<\/strong> \u2013 osob\u0119, kt\u00f3ra zna Twoje zlecenie, Twojego podopiecznego i jest do Twojej dyspozycji przez ca\u0142y czas trwania wyjazdu.<\/p>\n\n\n\n<p class=\"wp-block-paragraph\">Co wa\u017cne, nie dzia\u0142amy tylko w godzinach biurowych. <strong>Numer alarmowy Comfort Care jest dost\u0119pny ca\u0142\u0105 dob\u0119, 7 dni w tygodniu<\/strong> \u2013 bo trudne sytuacje rzadko zdarzaj\u0105 si\u0119 o 10:00 rano.<\/p>\n\n\n\n<h3 class=\"wp-block-heading\">Kiedy warto zadzwoni\u0107 do koordynatora?<\/h3>\n\n\n\n<ul class=\"wp-block-list\">\n<li>Nie wiesz, jak rozwi\u0105za\u0107 konflikt z rodzin\u0105 podopiecznego<\/li>\n\n\n\n<li>Masz w\u0105tpliwo\u015bci dotycz\u0105ce stanu zdrowia seniora i potrzebujesz porady<\/li>\n\n\n\n<li>Chcesz om\u00f3wi\u0107 zmian\u0119 zakresu obowi\u0105zk\u00f3w lub grafiku<\/li>\n\n\n\n<li>Potrzebujesz pomocy w t\u0142umaczeniu wa\u017cnej rozmowy po niemiecku<\/li>\n\n\n\n<li>Po prostu masz trudny dzie\u0144 i potrzebujesz kogo\u015b, kto Ci\u0119 wys\u0142ucha<\/li>\n<\/ul>\n\n\n\n<p class=\"wp-block-paragraph\">Koordynator nie ocenia \u2013 doradza, pomaga i dzia\u0142a. To jedna z rzeczy, kt\u00f3ra odr\u00f3\u017cnia Comfort Care od wielu innych agencji na rynku.<\/p>\n\n\n\n<h2 class=\"wp-block-heading\">Praca opiekunki w Niemczech ze wsparciem, na kt\u00f3re mo\u017cesz liczy\u0107<\/h2>\n\n\n\n<p class=\"wp-block-paragraph\"><a href=\"https:\/\/diag.pl\/pacjent\/artykuly\/jak-objawia-sie-demencja-starcza-przyczyny-pierwsze-oznaki-leczenie\/\" target=\"_blank\" rel=\"noopener\">Bezpieczny dom dla seniora z demencj\u0105<\/a> buduje si\u0119 spokojnie, krok po kroku. Kilka przemy\u015blanych zmian w pierwszym tygodniu zlecenia naprawd\u0119 robi r\u00f3\u017cnic\u0119 \u2013 dla podopiecznego i dla Ciebie. A je\u015bli cokolwiek Ci\u0119 zaskoczy lub b\u0119dziesz potrzebowa\u0107 wsparcia, Comfort Care jest do Twojej dyspozycji przez ca\u0142\u0105 dob\u0119.<\/p>\n\n\n\n<p class=\"wp-block-paragraph\">Szukasz sprawdzonego zlecenia w Niemczech? Skontaktuj si\u0119 z nami \u2013 przedstawimy Ci oferty dopasowane do Twojego do\u015bwiadczenia i preferencji, om\u00f3wimy wszystkie szczeg\u00f3\u0142y przed wyjazdem i zadbamy o Ciebie na ka\u017cdym etapie wsp\u00f3\u0142pracy.<\/p>\n\n\n\n<p class=\"wp-block-paragraph\"><strong>Zadzwo\u0144 lub napisz:<\/strong><br>\ud83d\udcde <strong>+48 501 516 519<\/strong><br>\u2709\ufe0f <strong><a href=\"mailto:rekrutacja@comfortcare.pl\">rekrutacja@comfortcare.pl<\/a><\/strong><\/p>\n\n\n\n<p class=\"wp-block-paragraph\">\ud83d\udc49 <strong><a href=\"https:\/\/comfortcare.pl\/oferty-pracy\/\" target=\"_blank\" rel=\"noopener\">Sprawd\u017a aktualne oferty pracy dla opiekunek w Niemczech \u2192<\/a><\/strong><\/p>\n\n\n\n<h2 class=\"wp-block-heading\">___________________________<\/h2>\n\n\n\n<h2 class=\"wp-block-heading\">FAQ \u2013 Najcz\u0119stsze pytania o prac\u0119 opiekunki w Niemczech przy osobie z demencj\u0105<\/h2>\n\n\n\n<h3 class=\"wp-block-heading\">Czy musz\u0119 mie\u0107 do\u015bwiadczenie z osob\u0105 z demencj\u0105, \u017ceby dosta\u0107 takie zlecenie?<\/h3>\n\n\n\n<p class=\"wp-block-paragraph\">Do\u015bwiadczenie jest pomocne, ale nie zawsze wymagane. Przed ka\u017cdym zleceniem Comfort Care dok\u0142adnie omawia z opiekunk\u0105 profil podopiecznego \u2013 jego stan zdrowia, zachowania i potrzeby. Dzi\u0119ki temu wiesz, czego si\u0119 spodziewa\u0107, zanim jeszcze wyjedziesz.<\/p>\n\n\n\n<h3 class=\"wp-block-heading\">Co zrobi\u0107, gdy senior z demencj\u0105 chce wyj\u015b\u0107 z domu w nocy?<\/h3>\n\n\n\n<p class=\"wp-block-paragraph\">Zachowaj spok\u00f3j i nie blokuj fizycznie. Zamiast tego zaproponuj co\u015b konkretnego: \u201eChod\u017amy zrobi\u0107 herbat\u0119&#8221; lub \u201eJest jeszcze ciemno, p\u00f3jdziemy rano&#8221;. Je\u015bli sytuacja si\u0119 powtarza lub wymkn\u0119\u0142a si\u0119 spod kontroli \u2013 zadzwo\u0144 do koordynatora Comfort Care. Numer alarmowy dzia\u0142a ca\u0142\u0105 dob\u0119.<\/p>\n\n\n\n<h3 class=\"wp-block-heading\">Czy mog\u0119 wprowadza\u0107 zmiany w domu podopiecznego samodzielnie?<\/h3>\n\n\n\n<p class=\"wp-block-paragraph\">Drobne dzia\u0142ania \u2013 usuni\u0119cie dywanika, ustawienie lampki \u2013 mo\u017cesz wdro\u017cy\u0107 od razu. Przy wi\u0119kszych zmianach warto wcze\u015bniej porozmawia\u0107 z rodzin\u0105 i uzyska\u0107 jej zgod\u0119. Je\u015bli nie wiesz, jak podej\u015b\u0107 do tej rozmowy, koordynator Comfort Care mo\u017ce Ci w tym pom\u00f3c.<\/p>\n\n\n\n<h3 class=\"wp-block-heading\">Jakie wsparcie otrzymuj\u0119 od Comfort Care podczas zlecenia?<\/h3>\n\n\n\n<p class=\"wp-block-paragraph\">Opr\u00f3cz indywidualnego koordynatora i numeru alarmowego 24\/7, Comfort Care zapewnia: legaln\u0105 umow\u0119 z przejrzystymi warunkami, organizacj\u0119 i pe\u0142ne op\u0142acenie przejazdu do miejsca pracy i z powrotem, dodatkowy pakiet ubezpieczenia medycznego oraz OC, a tak\u017ce sta\u0142y dost\u0119p do poradnik\u00f3w i materia\u0142\u00f3w dla opiekunek.<\/p>\n","protected":false},"excerpt":{"rendered":"<p>Praca opiekunki w Niemczech przy osobie z demencj\u0105 to odpowiedzialne zadanie \u2013 ale nie takie, z kt\u00f3rym zostajesz sama. Demencja potrafi zaskakiwa\u0107: senior mo\u017ce si\u0119 zgubi\u0107 we w\u0142asnym domu, wyj\u015b\u0107 bez uprzedzenia, potkn\u0105\u0107 si\u0119 o dywanik albo w\u0142\u0105czy\u0107 kuchenk\u0119 i o tym zapomnie\u0107. Dobra wiadomo\u015b\u0107? Wiele z tych sytuacji mo\u017cna spokojnie przewidzie\u0107 i skutecznie im zapobiec \u2013 kilkoma prostymi zmianami, bez remontu i bez stresu. Poni\u017csza checklista pomo\u017ce Ci zadba\u0107 o bezpiecze\u0144stwo podopiecznego ju\u017c od pierwszych dni zlecenia. A je\u015bli w kt\u00f3rym\u015b momencie nie wiesz, jak post\u0105pi\u0107 \u2013 zawsze mo\u017cesz zadzwoni\u0107 do swojego koordynatora w Comfort Care.<\/p>\n","protected":false},"author":3,"featured_media":616,"comment_status":"open","ping_status":"open","sticky":false,"template":"","format":"standard","meta":{"footnotes":""},"categories":[32],"tags":[49,42,26,50,47],"class_list":["post-615","post","type-post","status-publish","format-standard","has-post-thumbnail","hentry","category-poradnik","tag-opiekunka-osob-starszych","tag-poradnik-opiekunki","tag-praca-opiekunki-w-niemczech","tag-praca-w-niemczech","tag-praca-w-opiece-niemcy"],"_links":{"self":[{"href":"https:\/\/stage.comfortcare.pl\/index.php\/wp-json\/wp\/v2\/posts\/615","targetHints":{"allow":["GET"]}}],"collection":[{"href":"https:\/\/stage.comfortcare.pl\/index.php\/wp-json\/wp\/v2\/posts"}],"about":[{"href":"https:\/\/stage.comfortcare.pl\/index.php\/wp-json\/wp\/v2\/types\/post"}],"author":[{"embeddable":true,"href":"https:\/\/stage.comfortcare.pl\/index.php\/wp-json\/wp\/v2\/users\/3"}],"replies":[{"embeddable":true,"href":"https:\/\/stage.comfortcare.pl\/index.php\/wp-json\/wp\/v2\/comments?post=615"}],"version-history":[{"count":1,"href":"https:\/\/stage.comfortcare.pl\/index.php\/wp-json\/wp\/v2\/posts\/615\/revisions"}],"predecessor-version":[{"id":617,"href":"https:\/\/stage.comfortcare.pl\/index.php\/wp-json\/wp\/v2\/posts\/615\/revisions\/617"}],"wp:featuredmedia":[{"embeddable":true,"href":"https:\/\/stage.comfortcare.pl\/index.php\/wp-json\/wp\/v2\/media\/616"}],"wp:attachment":[{"href":"https:\/\/stage.comfortcare.pl\/index.php\/wp-json\/wp\/v2\/media?parent=615"}],"wp:term":[{"taxonomy":"category","embeddable":true,"href":"https:\/\/stage.comfortcare.pl\/index.php\/wp-json\/wp\/v2\/categories?post=615"},{"taxonomy":"post_tag","embeddable":true,"href":"https:\/\/stage.comfortcare.pl\/index.php\/wp-json\/wp\/v2\/tags?post=615"}],"curies":[{"name":"wp","href":"https:\/\/api.w.org\/{rel}","templated":true}]}}