{"id":605,"date":"2026-07-08T15:22:11","date_gmt":"2026-07-08T13:22:11","guid":{"rendered":"https:\/\/stage.comfortcare.pl\/?p=605"},"modified":"2026-07-08T15:22:12","modified_gmt":"2026-07-08T13:22:12","slug":"opieka-nad-seniorem-z-choroba-alzheimera-co-powinna-wiedziec-opiekunka","status":"publish","type":"post","link":"https:\/\/stage.comfortcare.pl\/index.php\/2026\/07\/08\/opieka-nad-seniorem-z-choroba-alzheimera-co-powinna-wiedziec-opiekunka\/","title":{"rendered":"Opieka nad seniorem z chorob\u0105 Alzheimera \u2013 co powinna wiedzie\u0107 opiekunka?"},"content":{"rendered":"\n<p class=\"wp-block-paragraph\"><strong>Opieka nad seniorem z chorob\u0105 Alzheimera to jedno z najbardziej wymagaj\u0105cych zada\u0144 w pracy opiekunki. Choroba zmienia nie tylko pami\u0119\u0107 i funkcje poznawcze \u2013 zmienia te\u017c spos\u00f3b, w jaki trzeba z seniorem rozmawia\u0107, pomaga\u0107 mu i reagowa\u0107 na jego zachowanie.<\/strong><\/p>\n\n\n\n<p class=\"wp-block-paragraph\">Ten poradnik wyja\u015bnia, jak wygl\u0105da codzienna opieka w praktyce i jak radzi\u0107 sobie z najtrudniejszymi sytuacjami.<\/p>\n\n\n\n<h2 class=\"wp-block-heading\">Czym jest choroba Alzheimera?<\/h2>\n\n\n\n<p class=\"wp-block-paragraph\">Choroba Alzheimera to <strong>post\u0119puj\u0105ce schorzenie neurodegeneracyjne<\/strong>, w kt\u00f3rym dochodzi do stopniowego obumierania kom\u00f3rek nerwowych w m\u00f3zgu. Wp\u0142ywa na pami\u0119\u0107, my\u015blenie, orientacj\u0119 w czasie i przestrzeni, zdolno\u015b\u0107 komunikacji i wykonywania codziennych czynno\u015bci. Jest najcz\u0119stsz\u0105 postaci\u0105 demencji i odpowiada za ok. 60\u201370% wszystkich jej przypadk\u00f3w.<\/p>\n\n\n\n<p class=\"wp-block-paragraph\">Do typowych objaw\u00f3w nale\u017c\u0105: trudno\u015bci z przypominaniem sobie niedawnych wydarze\u0144 (przy zachowanej pami\u0119ci dawnych), dezorientacja co do daty i miejsca, problemy z rozpoznawaniem bliskich, zmiany nastroju, epizody agresji, wycofanie z aktywno\u015bci, zaburzenia mowy oraz w\u0119drowanie \u2013 szczeg\u00f3lnie w nocy.<\/p>\n\n\n\n<p class=\"wp-block-paragraph\">Kluczowe jest zrozumienie, \u017ce te zachowania to <strong>objaw choroby, a nie z\u0142o\u015bliwo\u015b\u0107 seniora<\/strong>. To fundament, na kt\u00f3rym opiera si\u0119 dobra opieka.<\/p>\n\n\n\n<h2 class=\"wp-block-heading\"><img loading=\"lazy\" decoding=\"async\" src=\"https:\/\/comfortcare.pl\/wp-content\/uploads\/2025\/07\/old-patient-suffering-from-parkinson-1-scaled.webp\" alt=\"\" width=\"2560\" height=\"1829\"><\/h2>\n\n\n\n<h2 class=\"wp-block-heading\">Komunikacja \u2013 jak rozmawia\u0107 z osob\u0105 z Alzheimerem?<\/h2>\n\n\n\n<p class=\"wp-block-paragraph\">Osoby z chorob\u0105 Alzheimera maj\u0105 trudno\u015bci z przetwarzaniem z\u0142o\u017conych komunikat\u00f3w. D\u0142ugie zdania, szybkie tempo m\u00f3wienia i zbyt wiele pyta\u0144 naraz mog\u0105 powodowa\u0107 dezorientacj\u0119 i frustracj\u0119.<\/p>\n\n\n\n<p class=\"wp-block-paragraph\">W rozmowie z seniorem warto: m\u00f3wi\u0107 powoli i wyra\u017anie, u\u017cywa\u0107 kr\u00f3tkich zda\u0144 z jednym poleceniem na raz, utrzymywa\u0107 kontakt wzrokowy i towarzyszy\u0107 s\u0142owom gestem. Nale\u017cy unika\u0107 pyta\u0144 zaczynaj\u0105cych si\u0119 od \u201ePami\u0119tasz\u2026?&#8221; \u2013 mog\u0105 wywo\u0142a\u0107 poczucie wstydu i bezsilno\u015bci.<\/p>\n\n\n\n<p class=\"wp-block-paragraph\">Je\u015bli senior m\u00f3wi co\u015b nieprawdziwego \u2013 nie wchod\u017a w sp\u00f3r. Zmie\u0144 temat lub wejd\u017a w jego rzeczywisto\u015b\u0107. To podej\u015bcie, znane jako <strong>metoda walidacji<\/strong>, jest skuteczniejsze ni\u017c pr\u00f3ba przekonywania chorego do fakt\u00f3w i znacznie redukuje napi\u0119cie podczas codziennych kontakt\u00f3w.<\/p>\n\n\n\n<h2 class=\"wp-block-heading\">Bezpiecze\u0144stwo i organizacja przestrzeni<\/h2>\n\n\n\n<p class=\"wp-block-paragraph\">Senior z chorob\u0105 Alzheimera mo\u017ce nie oceni\u0107 zagro\u017cenia ani nie pami\u0119ta\u0107, co jest niebezpieczne. <a href=\"https:\/\/comfortcare.pl\/opieka-nad-seniorem-z-demencja-praktyczny-poradnik-dla-opiekunki\/\" target=\"_blank\" rel=\"noopener\">Warto zadba\u0107 o kilka podstawowych kwestii<\/a>: usun\u0105\u0107 lu\u017ane dywany i progi, zabezpieczy\u0107 dost\u0119p do lek\u00f3w, \u015brodk\u00f3w chemicznych i urz\u0105dze\u0144 gazowych, a wa\u017cne pomieszczenia oznaczy\u0107 czytelnymi etykietami lub zdj\u0119ciami.<\/p>\n\n\n\n<p class=\"wp-block-paragraph\">Je\u015bli senior ma tendencj\u0119 do w\u0119drowania, warto rozwa\u017cy\u0107 monta\u017c alarmu na drzwiach wyj\u015bciowych i zadba\u0107, by mia\u0142 przy sobie identyfikator z imieniem i numerem kontaktowym.<\/p>\n\n\n\n<h2 class=\"wp-block-heading\">Rutyna, aktywno\u015b\u0107 i samodzielno\u015b\u0107<\/h2>\n\n\n\n<p class=\"wp-block-paragraph\">Sta\u0142y harmonogram dnia \u2013 regularne pory wstawania, posi\u0142k\u00f3w i spacer\u00f3w \u2013 daje seniorowi poczucie bezpiecze\u0144stwa i zmniejsza l\u0119k. M\u00f3zg dotkni\u0119ty Alzheimerem ma trudno\u015bci z adaptacj\u0105 do zmian, dlatego przewidywalno\u015b\u0107 otoczenia jest szczeg\u00f3lnie wa\u017cna.<\/p>\n\n\n\n<p class=\"wp-block-paragraph\">Choroba Alzheimera nie oznacza od razu ca\u0142kowitej niesamodzielno\u015bci. Przez d\u0142ugi czas senior mo\u017ce samodzielnie wykonywa\u0107 proste czynno\u015bci \u2013 i warto mu na to pozwoli\u0107. Zachowanie sprawczo\u015bci wzmacnia poczucie godno\u015bci. Sprawdzone aktywno\u015bci to: s\u0142uchanie muzyki z dawnych lat, przegl\u0105danie album\u00f3w ze zdj\u0119ciami, proste prace manualne, spacer na \u015bwie\u017cym powietrzu czy wsp\u00f3lne gotowanie \u2013 pod nadzorem.<\/p>\n\n\n\n<h2 class=\"wp-block-heading\">Jak reagowa\u0107 na trudne zachowania?<\/h2>\n\n\n\n<p class=\"wp-block-paragraph\">Agresja, p\u0142acz, niepok\u00f3j czy apatia u seniora z Alzheimerem niemal zawsze sygnalizuj\u0105 jak\u0105\u015b niezaspokojon\u0105 potrzeb\u0119 \u2013 b\u00f3l, g\u0142\u00f3d, zimno, strach lub potrzeb\u0119 toalety. Zanim zareagujesz, spr\u00f3buj zidentyfikowa\u0107 przyczyn\u0119: \u201eCzy co\u015b Ci\u0119 boli?&#8221;, \u201eCzy jest Ci zimno?&#8221;. Obserwuj mow\u0119 cia\u0142a \u2013 napi\u0119cie mi\u0119\u015bni, grymas, wycofanie.<\/p>\n\n\n\n<p class=\"wp-block-paragraph\">W przypadku agresji \u2013 zachowaj spok\u00f3j, daj seniorowi przestrze\u0144 i m\u00f3w \u0142agodnie. Nie wchod\u017a w konfrontacj\u0119. Je\u015bli epizody agresji nasilaj\u0105 si\u0119 lub staj\u0105 si\u0119 niebezpieczne, poinformuj rodzin\u0119 i lekarza.<\/p>\n\n\n\n<h2 class=\"wp-block-heading\">Zadbaj o siebie \u2013 wypalenie opiekunki jest realne<\/h2>\n\n\n\n<p class=\"wp-block-paragraph\">Opieka nad osob\u0105 z Alzheimerem jest emocjonalnie wyczerpuj\u0105ca. Chroniczne zm\u0119czenie, dra\u017cliwo\u015b\u0107 i poczucie bezsilno\u015bci to sygna\u0142y, kt\u00f3rych nie wolno ignorowa\u0107 \u2013 zaniedbanie w\u0142asnych potrzeb pr\u0119dzej czy p\u00f3\u017aniej wp\u0142ywa na jako\u015b\u0107 opieki.<\/p>\n\n\n\n<p class=\"wp-block-paragraph\">Korzystaj z ka\u017cdej mo\u017cliwo\u015bci odpoczynku, rozmawiaj z koordynatorem Comfort Care i nie traktuj proszenia o pomoc jako s\u0142abo\u015bci. Dobra opieka nad podopiecznym zaczyna si\u0119 od <a href=\"https:\/\/comfortcare.pl\/dla-opiekunki\/\" target=\"_blank\" rel=\"noopener\">dobrego stanu opiekunki.<\/a><\/p>\n\n\n\n<h2 class=\"wp-block-heading\"><img loading=\"lazy\" decoding=\"async\" src=\"https:\/\/comfortcare.pl\/wp-content\/uploads\/2025\/07\/old-patient-suffering-from-parkinson-3-scaled.webp\" alt=\"\" width=\"2560\" height=\"1707\"><\/h2>\n\n\n\n<h2 class=\"wp-block-heading\">Opieka nad seniorem z Alzheimerem w Niemczech \u2013 Comfort Care<\/h2>\n\n\n\n<p class=\"wp-block-paragraph\">Zlecenia przy osobach z chorob\u0105 Alzheimera nale\u017c\u0105 do bardziej wymagaj\u0105cych na rynku opieki w Niemczech, ale te\u017c do lepiej wynagradzanych. W <a href=\"https:\/\/comfortcare.pl\/\" target=\"_blank\" rel=\"noopener\">Comfort Care<\/a> przed ka\u017cdym takim zleceniem dok\u0142adnie omawiamy z opiekunk\u0105 stan podopiecznego, jego zwyczaje i to, czego mo\u017ce si\u0119 spodziewa\u0107. Przez ca\u0142y czas zlecenia zapewniamy sta\u0142y kontakt z koordynatorem.<\/p>\n\n\n\n<p class=\"wp-block-paragraph\"><strong>Zadzwo\u0144 lub napisz:<\/strong><br>\ud83d\udcde <strong>+48 501 516 519<\/strong><br>\u2709\ufe0f <strong><a href=\"mailto:rekrutacja@comfortcare.pl\">rekrutacja@comfortcare.pl<\/a><\/strong><br>\ud83d\udd50 Pn\u2013Pt, 8:00\u201316:00<\/p>\n\n\n\n<p class=\"wp-block-paragraph\">\ud83d\udc49 <strong><a href=\"https:\/\/comfortcare.pl\/oferty-pracy\/\" target=\"_blank\" rel=\"noopener\">Sprawd\u017a aktualne oferty pracy dla opiekunek \u2192<\/a><\/strong><\/p>\n\n\n\n<h2 class=\"wp-block-heading\">___________________________<\/h2>\n\n\n\n<h2 class=\"wp-block-heading\">FAQ \u2013 Najcz\u0119stsze pytania o opiek\u0119 nad seniorem z Alzheimerem<\/h2>\n\n\n\n<h3 class=\"wp-block-heading\">Jak rozmawia\u0107 z seniorem, kt\u00f3ry nie poznaje bliskich?<\/h3>\n\n\n\n<p class=\"wp-block-paragraph\">Nie nale\u017cy na si\u0142\u0119 u\u015bwiadamia\u0107 chorego. Lepiej nawi\u0105za\u0107 kontakt spokojnie i wprost: \u201eDzie\u0144 dobry, jestem Marta, jestem tu, \u017ceby Panu\/Pani pom\u00f3c.&#8221; Ciep\u0142y ton dzia\u0142a skuteczniej ni\u017c wyja\u015bnienia.<\/p>\n\n\n\n<h3 class=\"wp-block-heading\">Co zrobi\u0107, gdy senior z Alzheimerem staje si\u0119 agresywny?<\/h3>\n\n\n\n<p class=\"wp-block-paragraph\">Zachowaj spok\u00f3j, daj przestrze\u0144, m\u00f3w \u0142agodnie. Agresja to najcz\u0119\u015bciej sygna\u0142 b\u00f3lu, l\u0119ku lub niezaspokojonej potrzeby \u2013 nie atak osobisty. Je\u015bli epizody si\u0119 nasilaj\u0105, poinformuj rodzin\u0119 i lekarza.<\/p>\n\n\n\n<h3 class=\"wp-block-heading\">Czy senior z Alzheimerem mo\u017ce by\u0107 aktywny fizycznie?<\/h3>\n\n\n\n<p class=\"wp-block-paragraph\">Tak \u2013 nawet kr\u00f3tkie spacery, \u0107wiczenia czy taniec do muzyki poprawiaj\u0105 kr\u0105\u017cenie, nastr\u00f3j i jako\u015b\u0107 snu. Aktywno\u015b\u0107 dostosowana do mo\u017cliwo\u015bci seniora spowalnia te\u017c post\u0119p choroby.<\/p>\n\n\n\n<h3 class=\"wp-block-heading\">Czy choroba Alzheimera si\u0119 leczy?<\/h3>\n\n\n\n<p class=\"wp-block-paragraph\">Alzheimer jest chorob\u0105 nieuleczaln\u0105, ale odpowiednie leczenie farmakologiczne i stymulacja poznawcza mog\u0105 spowolni\u0107 jej post\u0119p i poprawi\u0107 jako\u015b\u0107 \u017cycia seniora.<\/p>\n","protected":false},"excerpt":{"rendered":"<p>Opieka nad seniorem z chorob\u0105 Alzheimera to jedno z najbardziej wymagaj\u0105cych zada\u0144 w pracy opiekunki. Choroba zmienia nie tylko pami\u0119\u0107 i funkcje poznawcze \u2013 zmienia te\u017c spos\u00f3b, w jaki trzeba z seniorem rozmawia\u0107, pomaga\u0107 mu i reagowa\u0107 na jego zachowanie. Ten poradnik wyja\u015bnia, jak wygl\u0105da codzienna opieka w praktyce i jak radzi\u0107 sobie z najtrudniejszymi [&hellip;]<\/p>\n","protected":false},"author":3,"featured_media":606,"comment_status":"open","ping_status":"open","sticky":false,"template":"","format":"standard","meta":{"footnotes":""},"categories":[32],"tags":[49,42,26,50,47],"class_list":["post-605","post","type-post","status-publish","format-standard","has-post-thumbnail","hentry","category-poradnik","tag-opiekunka-osob-starszych","tag-poradnik-opiekunki","tag-praca-opiekunki-w-niemczech","tag-praca-w-niemczech","tag-praca-w-opiece-niemcy"],"_links":{"self":[{"href":"https:\/\/stage.comfortcare.pl\/index.php\/wp-json\/wp\/v2\/posts\/605","targetHints":{"allow":["GET"]}}],"collection":[{"href":"https:\/\/stage.comfortcare.pl\/index.php\/wp-json\/wp\/v2\/posts"}],"about":[{"href":"https:\/\/stage.comfortcare.pl\/index.php\/wp-json\/wp\/v2\/types\/post"}],"author":[{"embeddable":true,"href":"https:\/\/stage.comfortcare.pl\/index.php\/wp-json\/wp\/v2\/users\/3"}],"replies":[{"embeddable":true,"href":"https:\/\/stage.comfortcare.pl\/index.php\/wp-json\/wp\/v2\/comments?post=605"}],"version-history":[{"count":1,"href":"https:\/\/stage.comfortcare.pl\/index.php\/wp-json\/wp\/v2\/posts\/605\/revisions"}],"predecessor-version":[{"id":607,"href":"https:\/\/stage.comfortcare.pl\/index.php\/wp-json\/wp\/v2\/posts\/605\/revisions\/607"}],"wp:featuredmedia":[{"embeddable":true,"href":"https:\/\/stage.comfortcare.pl\/index.php\/wp-json\/wp\/v2\/media\/606"}],"wp:attachment":[{"href":"https:\/\/stage.comfortcare.pl\/index.php\/wp-json\/wp\/v2\/media?parent=605"}],"wp:term":[{"taxonomy":"category","embeddable":true,"href":"https:\/\/stage.comfortcare.pl\/index.php\/wp-json\/wp\/v2\/categories?post=605"},{"taxonomy":"post_tag","embeddable":true,"href":"https:\/\/stage.comfortcare.pl\/index.php\/wp-json\/wp\/v2\/tags?post=605"}],"curies":[{"name":"wp","href":"https:\/\/api.w.org\/{rel}","templated":true}]}}