{"id":585,"date":"2026-07-08T14:37:02","date_gmt":"2026-07-08T12:37:02","guid":{"rendered":"https:\/\/stage.comfortcare.pl\/?p=585"},"modified":"2026-07-08T14:37:45","modified_gmt":"2026-07-08T12:37:45","slug":"plan-dnia-opiekunki-w-niemczech-jak-ulozyc","status":"publish","type":"post","link":"https:\/\/stage.comfortcare.pl\/index.php\/2026\/07\/08\/plan-dnia-opiekunki-w-niemczech-jak-ulozyc\/","title":{"rendered":"Plan dnia opiekunki w Niemczech \u2013 Jak u\u0142o\u017cy\u0107 dobry rytm na zleceniu?"},"content":{"rendered":"\n<p class=\"wp-block-paragraph\"><strong>Plan dnia opiekunki w Niemczech nie musi by\u0107 rozpisany co do minuty. Wa\u017cniejsze jest to, aby senior mia\u0142 sta\u0142e punkty dnia, a opiekunka wiedzia\u0142a, co jest najwa\u017cniejsze i co mo\u017cna przesun\u0105\u0107, gdy pojawi si\u0119 gorszy moment.<\/strong><\/p>\n\n\n\n<p class=\"wp-block-paragraph\">Dobry rytm dnia na zleceniu daje spok\u00f3j obu stronom. Senior czuje si\u0119 bezpieczniej, \u0142atwiej wsp\u00f3\u0142pracuje i mniej si\u0119 stresuje. Opiekunce jest l\u017cej, bo ma mniej sytuacji \u201ena ju\u017c\u201d, mniej chaosu i wi\u0119ksz\u0105 kontrol\u0119 nad codziennymi obowi\u0105zkami.<\/p>\n\n\n\n<p class=\"wp-block-paragraph\">To szczeg\u00f3lnie wa\u017cne w opiece nad osobami starszymi, kt\u00f3re \u017ale reaguj\u0105 na nag\u0142e zmiany. Przy <a href=\"https:\/\/comfortcare.pl\/opieka-nad-seniorem-z-demencja\/\" target=\"_blank\" rel=\"noopener\">seniorach z demencj\u0105<\/a> sta\u0142y plan dnia mo\u017ce pomaga\u0107 ogranicza\u0107 niepok\u00f3j i poprawia\u0107 nastr\u00f3j. <a href=\"https:\/\/www.alz.org\/\" target=\"_blank\" rel=\"noopener\">Alzheimer\u2019s Association<\/a> wskazuje, \u017ce zaplanowany dzie\u0144 pozwala opiekunowi mniej czasu po\u015bwi\u0119ca\u0107 na zastanawianie si\u0119 \u201eco teraz?\u201d, a wi\u0119cej na aktywno\u015bci daj\u0105ce seniorowi poczucie sensu i przyjemno\u015bci.<\/p>\n\n\n\n<h2 class=\"wp-block-heading\">Dlaczego rytm dnia na zleceniu jest tak wa\u017cny?<\/h2>\n\n\n\n<p class=\"wp-block-paragraph\">W pracy opiekunki licz\u0105 si\u0119 nie tylko obowi\u0105zki, ale te\u017c atmosfera w domu. Je\u015bli dzie\u0144 ma podobny przebieg, senior wie, czego si\u0119 spodziewa\u0107. Sta\u0142e pory posi\u0142k\u00f3w, toalety, odpoczynku, spaceru czy wyciszenia przed snem mog\u0105 zmniejsza\u0107 napi\u0119cie i u\u0142atwia\u0107 codzienn\u0105 opiek\u0119.<\/p>\n\n\n\n<p class=\"wp-block-paragraph\">Dobry rytm dnia pomaga r\u00f3wnie\u017c opiekunce. Dzi\u0119ki niemu \u0142atwiej zaplanowa\u0107 gotowanie, zakupy, pranie, rozmow\u0119 z rodzin\u0105 seniora czy w\u0142asn\u0105 przerw\u0119. Plan nie ma ogranicza\u0107, ale porz\u0105dkowa\u0107 dzie\u0144.<\/p>\n\n\n\n<p class=\"wp-block-paragraph\">Najlepiej sprawdza si\u0119 prosta zasada: <strong>sta\u0142y szkielet dnia plus elastyczne okna<\/strong>. Sta\u0142y szkielet to najwa\u017cniejsze punkty, kt\u00f3rych warto si\u0119 trzyma\u0107. Elastyczne okna to czas pomi\u0119dzy nimi \u2014 na odpoczynek, gorszy dzie\u0144 seniora, wizyt\u0119 Pflegedienst, telefon od rodziny albo nieprzewidzian\u0105 sytuacj\u0119.<\/p>\n\n\n\n<h2 class=\"wp-block-heading\"><img loading=\"lazy\" decoding=\"async\" src=\"https:\/\/comfortcare.pl\/wp-content\/uploads\/2025\/07\/ComfortCare-Opiekun-osoby-chorej-na-demencje.webp\" alt=\"ComfortCare - Opieka nad seniorem z demencj\u0105\" width=\"1290\" height=\"860\"><\/h2>\n\n\n\n<h2 class=\"wp-block-heading\">Pierwszy dzie\u0144 na zleceniu: od czego zacz\u0105\u0107?<\/h2>\n\n\n\n<p class=\"wp-block-paragraph\">Zanim u\u0142o\u017cysz plan dnia, zr\u00f3b kr\u00f3tkie rozpoznanie. Nie musisz wypytywa\u0107 o wszystko naraz. Wystarczy <a href=\"https:\/\/comfortcare.pl\/praca-opiekunki-w-niemczech-10-porad-ktore-ulatwia-dobry-start\/\" target=\"_blank\" rel=\"noopener\">zebra\u0107 najwa\u017cniejsze informacje<\/a>, kt\u00f3re pomog\u0105 Ci unikn\u0105\u0107 chaosu.<\/p>\n\n\n\n<p class=\"wp-block-paragraph\">Sprawd\u017a przede wszystkim:<\/p>\n\n\n\n<ul class=\"wp-block-list\">\n<li>o kt\u00f3rej senior zwykle wstaje i chodzi spa\u0107,<\/li>\n\n\n\n<li>czy \u015bpi w ci\u0105gu dnia,<\/li>\n\n\n\n<li>kiedy przyjmuje leki,<\/li>\n\n\n\n<li>czy leki s\u0105 przed posi\u0142kiem, po posi\u0142ku czy o sta\u0142ej godzinie,<\/li>\n\n\n\n<li>co lubi je\u015b\u0107 i pi\u0107,<\/li>\n\n\n\n<li>czy ma diet\u0119 lub produkty, kt\u00f3rych nie toleruje,<\/li>\n\n\n\n<li>czy wyst\u0119puje ryzyko upadku,<\/li>\n\n\n\n<li>czy senior ma problemy z pami\u0119ci\u0105,<\/li>\n\n\n\n<li>czy w nocy wstaje do toalety,<\/li>\n\n\n\n<li>co rodzina uwa\u017ca za najwa\u017cniejsze w codziennej opiece.<\/li>\n<\/ul>\n\n\n\n<p class=\"wp-block-paragraph\">Dzi\u0119ki temu plan dnia <strong>Opiekunki w Niemczech<\/strong> b\u0119dzie realny, a nie idealny tylko na papierze.<\/p>\n\n\n\n<h2 class=\"wp-block-heading\">Sta\u0142e punkty dnia, kt\u00f3re warto zaplanowa\u0107<\/h2>\n\n\n\n<p class=\"wp-block-paragraph\">Nie trzeba planowa\u0107 ka\u017cdej godziny. W wi\u0119kszo\u015bci zlece\u0144 wystarczy kilka sta\u0142ych element\u00f3w, wok\u00f3\u0142 kt\u00f3rych uk\u0142ada si\u0119 reszta dnia.<\/p>\n\n\n\n<p class=\"wp-block-paragraph\">Najwa\u017cniejsze punkty to:<\/p>\n\n\n\n<ul class=\"wp-block-list\">\n<li>poranna toaleta,<\/li>\n\n\n\n<li>leki zgodnie z zaleceniami,<\/li>\n\n\n\n<li>\u015bniadanie i nawodnienie,<\/li>\n\n\n\n<li>aktywno\u015b\u0107 lub spacer,<\/li>\n\n\n\n<li>obiad,<\/li>\n\n\n\n<li>odpoczynek,<\/li>\n\n\n\n<li>lekka kolacja,<\/li>\n\n\n\n<li>wieczorne wyciszenie.<\/li>\n<\/ul>\n\n\n\n<p class=\"wp-block-paragraph\">Przy osobach z demencj\u0105 warto zachowa\u0107 podobn\u0105 kolejno\u015b\u0107 czynno\u015bci ka\u017cdego dnia. Alzheimer\u2019s Association zaleca uwzgl\u0119dnienie regularnych godzin wstawania, snu, posi\u0142k\u00f3w, k\u0105pieli i ubierania, a jednocze\u015bnie pozostawienie miejsca na elastyczno\u015b\u0107.<\/p>\n\n\n\n<h2 class=\"wp-block-heading\">Przyk\u0142adowy plan dnia opiekunki w Niemczech<\/h2>\n\n\n\n<p class=\"wp-block-paragraph\">Poni\u017cszy plan potraktuj jako szablon. Ka\u017cde zlecenie jest inne, dlatego godziny warto dopasowa\u0107 do seniora, zalece\u0144 rodziny, wizyt piel\u0119gniarki i warunk\u00f3w w domu.<\/p>\n\n\n\n<h3 class=\"wp-block-heading\">Rano: spokojny start dnia<\/h3>\n\n\n\n<p class=\"wp-block-paragraph\">Poranek dobrze zacz\u0105\u0107 bez po\u015bpiechu. Warto zadba\u0107 o toalet\u0119, przewietrzenie pokoju, ubranie seniora, leki i spokojne \u015bniadanie.<\/p>\n\n\n\n<p class=\"wp-block-paragraph\">Przyk\u0142adowy poranek:<\/p>\n\n\n\n<ul class=\"wp-block-list\">\n<li>pobudka,<\/li>\n\n\n\n<li>toaleta i ubieranie,<\/li>\n\n\n\n<li>przewietrzenie pokoju,<\/li>\n\n\n\n<li>leki zgodnie z ustaleniami,<\/li>\n\n\n\n<li>\u015bniadanie,<\/li>\n\n\n\n<li>co\u015b do picia,<\/li>\n\n\n\n<li>kr\u00f3tka rozmowa o planie dnia.<\/li>\n<\/ul>\n\n\n\n<p class=\"wp-block-paragraph\">Je\u015bli senior ma si\u0142\u0119, mo\u017cna doda\u0107 kilka minut lekkiego ruchu: przej\u015bcie po mieszkaniu, proste \u0107wiczenia przy krze\u015ble albo spokojne rozci\u0105ganie. Wa\u017cne, aby aktywno\u015b\u0107 by\u0142a bezpieczna i dopasowana do mo\u017cliwo\u015bci podopiecznego.<\/p>\n\n\n\n<h3 class=\"wp-block-heading\">Przedpo\u0142udnie: najlepszy czas na aktywno\u015b\u0107<\/h3>\n\n\n\n<p class=\"wp-block-paragraph\">U wielu senior\u00f3w przedpo\u0142udnie to najlepszy moment na spacer, \u0107wiczenia, rozmow\u0119, wizyt\u0119 w ogrodzie albo drobne zaj\u0119cia w domu. Je\u015bli pogoda i stan zdrowia pozwalaj\u0105, warto zaplanowa\u0107 chocia\u017c kr\u00f3tki kontakt ze \u015bwie\u017cym powietrzem.<\/p>\n\n\n\n<p class=\"wp-block-paragraph\">Nie musi to by\u0107 d\u0142ugi spacer. Czasem wystarczy kilka minut na balkonie, przej\u015bcie do skrzynki pocztowej, spacer wok\u00f3\u0142 domu albo spokojne \u0107wiczenia w pokoju.<\/p>\n\n\n\n<p class=\"wp-block-paragraph\">Regularna aktywno\u015b\u0107 fizyczna pomaga osobom starszym d\u0142u\u017cej zachowa\u0107 sprawno\u015b\u0107 i niezale\u017cno\u015b\u0107, a nawet kr\u00f3tsze formy ruchu w ci\u0105gu dnia mog\u0105 si\u0119 sumowa\u0107. CDC podkre\u015bla, \u017ce osoby starsze mog\u0105 rozk\u0142ada\u0107 aktywno\u015b\u0107 na kr\u00f3tsze odcinki, na przyk\u0142ad kilka minut spaceru w ci\u0105gu dnia.<\/p>\n\n\n\n<h3 class=\"wp-block-heading\">Po\u0142udnie i popo\u0142udnie: obiad, odpoczynek i spokojniejsze zaj\u0119cia<\/h3>\n\n\n\n<p class=\"wp-block-paragraph\">Po obiedzie dobrze zaplanowa\u0107 czas na odpoczynek. Senior mo\u017ce potrzebowa\u0107 drzemki, ale warto obserwowa\u0107, czy nie jest ona zbyt d\u0142uga albo zbyt p\u00f3\u017ana. U niekt\u00f3rych os\u00f3b p\u00f3\u017ane spanie w dzie\u0144 utrudnia p\u00f3\u017aniejsze zasypianie wieczorem.<\/p>\n\n\n\n<p class=\"wp-block-paragraph\">Popo\u0142udnie to dobry moment na spokojniejsze aktywno\u015bci:<\/p>\n\n\n\n<ul class=\"wp-block-list\">\n<li>ogl\u0105danie album\u00f3w ze zdj\u0119ciami,<\/li>\n\n\n\n<li>rozmow\u0119,<\/li>\n\n\n\n<li>s\u0142uchanie radia,<\/li>\n\n\n\n<li>uk\u0142adanie prostych rzeczy,<\/li>\n\n\n\n<li>podlewanie kwiat\u00f3w,<\/li>\n\n\n\n<li>wsp\u00f3lne sk\u0142adanie prania,<\/li>\n\n\n\n<li>kr\u00f3tk\u0105 wizyt\u0119 s\u0105siada lub rodziny.<\/li>\n<\/ul>\n\n\n\n<p class=\"wp-block-paragraph\">Nie chodzi o to, aby senior by\u0142 ca\u0142y czas zaj\u0119ty. Wa\u017cna jest r\u00f3wnowaga mi\u0119dzy aktywno\u015bci\u0105 a odpoczynkiem. Przy osobach z demencj\u0105 zbyt wiele bod\u017ac\u00f3w mo\u017ce powodowa\u0107 zm\u0119czenie, rozdra\u017cnienie albo niepok\u00f3j.<\/p>\n\n\n\n<h3 class=\"wp-block-heading\">Wiecz\u00f3r: wyciszenie i przygotowanie do snu<\/h3>\n\n\n\n<p class=\"wp-block-paragraph\">Wiecz\u00f3r powinien by\u0107 spokojniejszy ni\u017c reszta dnia. Dobrze sprawdza si\u0119 sta\u0142y rytua\u0142, czyli podobna kolejno\u015b\u0107 czynno\u015bci ka\u017cdego dnia.<\/p>\n\n\n\n<p class=\"wp-block-paragraph\">Przyk\u0142adowy rytua\u0142 wieczorny:<\/p>\n\n\n\n<ul class=\"wp-block-list\">\n<li>lekka kolacja,<\/li>\n\n\n\n<li>co\u015b do picia, je\u015bli jest to zgodne z ustaleniami,<\/li>\n\n\n\n<li>toaleta,<\/li>\n\n\n\n<li>pi\u017cama,<\/li>\n\n\n\n<li>przygotowanie \u0142\u00f3\u017cka,<\/li>\n\n\n\n<li>spokojna muzyka,<\/li>\n\n\n\n<li>przygaszone \u015bwiat\u0142o,<\/li>\n\n\n\n<li>kr\u00f3tka rozmowa lub modlitwa, je\u015bli senior tego potrzebuje.<\/li>\n<\/ul>\n\n\n\n<p class=\"wp-block-paragraph\">Regularna pora snu i wieczorna rutyna s\u0105 jednymi z zalece\u0144 dotycz\u0105cych lepszego snu u os\u00f3b starszych. <a href=\"https:\/\/www.nia.nih.gov\/\" target=\"_blank\" rel=\"noopener\">National Institute on Aging<\/a> wskazuje, \u017ce sta\u0142y harmonogram snu i sposoby wyciszenia przed snem mog\u0105 wspiera\u0107 nocny odpoczynek.<\/p>\n\n\n\n<h2 class=\"wp-block-heading\"><img loading=\"lazy\" decoding=\"async\" src=\"https:\/\/comfortcare.pl\/wp-content\/uploads\/2026\/04\/daughter-disabled-father-walking-path-scaled.webp\" alt=\"\" width=\"2560\" height=\"1703\"><\/h2>\n\n\n\n<h2 class=\"wp-block-heading\">Co zrobi\u0107, gdy dzie\u0144 na zleceniu si\u0119 \u201esypie\u201d?<\/h2>\n\n\n\n<p class=\"wp-block-paragraph\">W opiece nad seniorem nie wszystko da si\u0119 przewidzie\u0107. Mo\u017ce pojawi\u0107 si\u0119 gorsze samopoczucie, s\u0142abszy apetyt, wizyta lekarza, trudniejsza noc, niepok\u00f3j albo zmiana plan\u00f3w rodziny. W takich sytuacjach nie pr\u00f3buj na si\u0142\u0119 realizowa\u0107 wszystkiego. Zastosuj prost\u0105 zasad\u0119 &#8211; <strong>ratuj najwa\u017cniejsze punkty dnia, a reszt\u0119 odpu\u015b\u0107.<\/strong><\/p>\n\n\n\n<p class=\"wp-block-paragraph\">W gorszy dzie\u0144 skup si\u0119 na:<\/p>\n\n\n\n<ul class=\"wp-block-list\">\n<li>lekach zgodnie z zaleceniami,<\/li>\n\n\n\n<li>jedzeniu i piciu,<\/li>\n\n\n\n<li>podstawowej higienie,<\/li>\n\n\n\n<li>bezpiecze\u0144stwie seniora,<\/li>\n\n\n\n<li>odpoczynku,<\/li>\n\n\n\n<li>spokojnej atmosferze.<\/li>\n<\/ul>\n\n\n\n<p class=\"wp-block-paragraph\">Sprz\u0105tanie \u201ena b\u0142ysk\u201d, d\u0142u\u017csze gotowanie, dodatkowy spacer albo mniej wa\u017cne obowi\u0105zki mog\u0105 poczeka\u0107. Dobry plan dnia opiekunki w Niemczech powinien pomaga\u0107, a nie dok\u0142ada\u0107 presji.<\/p>\n\n\n\n<h2 class=\"wp-block-heading\">Ma\u0142e rzeczy, kt\u00f3re robi\u0105 du\u017c\u0105 r\u00f3\u017cnic\u0119<\/h2>\n\n\n\n<p class=\"wp-block-paragraph\">Czasem najwi\u0119kszy spok\u00f3j na zleceniu daj\u0105 najprostsze nawyki.<\/p>\n\n\n\n<h3 class=\"wp-block-heading\">Punkty picia w ci\u0105gu dnia<\/h3>\n\n\n\n<p class=\"wp-block-paragraph\">Zamiast przypomina\u0107 o piciu przypadkowo, wpisz je w rytm dnia. Na przyk\u0142ad: po \u015bniadaniu, po spacerze, po obiedzie, po kolacji. Ma\u0142e porcje podawane cz\u0119\u015bciej cz\u0119sto s\u0105 \u0142atwiejsze ni\u017c jedna du\u017ca szklanka naraz.<\/p>\n\n\n\n<h3 class=\"wp-block-heading\">Jedna kartka notatek<\/h3>\n\n\n\n<p class=\"wp-block-paragraph\">Wystarczy prosty zapis: sen, apetyt, p\u0142yny, leki, nastr\u00f3j, toaleta, nietypowe objawy. Takie notatki pomagaj\u0105 Tobie, rodzinie seniora, koordynatorowi i Pflegedienst.<\/p>\n\n\n\n<h3 class=\"wp-block-heading\">Sta\u0142a kolejno\u015b\u0107 czynno\u015bci<\/h3>\n\n\n\n<p class=\"wp-block-paragraph\">Przy seniorze z demencj\u0105 cz\u0119sto lepiej dzia\u0142a powtarzalno\u015b\u0107 ni\u017c t\u0142umaczenie wszystkiego od nowa. Ta sama kolejno\u015b\u0107 porannej toalety, \u015bniadania czy wieczornego wyciszenia mo\u017ce zmniejszy\u0107 niepok\u00f3j.<\/p>\n\n\n\n<h3 class=\"wp-block-heading\">Kr\u00f3tka przerwa dla opiekunki<\/h3>\n\n\n\n<p class=\"wp-block-paragraph\">Twoja przerwa te\u017c powinna mie\u0107 miejsce w planie. Nawet 10\u201315 minut ciszy, kawa, telefon do bliskich albo kr\u00f3tki spacer mog\u0105 pom\u00f3c odzyska\u0107 spok\u00f3j. Zm\u0119czona opiekunka ma mniej cierpliwo\u015bci, a wtedy \u0142atwiej o napi\u0119cie w domu.<\/p>\n\n\n\n<h2 class=\"wp-block-heading\">Plan dnia a praca opiekunki w Niemczech<\/h2>\n\n\n\n<p class=\"wp-block-paragraph\">Na zleceniu w Niemczech opiekunka cz\u0119sto mieszka w domu seniora. To oznacza, \u017ce praca i odpoczynek s\u0105 blisko siebie. W\u0142a\u015bnie dlatego dobry rytm dnia jest tak wa\u017cny. Pomaga oddzieli\u0107 obowi\u0105zki od czasu dla siebie. U\u0142atwia rozmow\u0119 z rodzin\u0105 seniora. Pokazuje, kiedy jest czas na posi\u0142ki, higien\u0119, aktywno\u015b\u0107, odpoczynek i kontakt z bliskimi.<\/p>\n\n\n\n<p class=\"wp-block-paragraph\">Je\u015bli dopiero szukasz zlecenia, warto ju\u017c podczas rozmowy zapyta\u0107, jak wygl\u0105da typowy dzie\u0144 seniora. Dopytaj o godziny wstawania, noce, posi\u0142ki, leki, spacer, wizyty Pflegedienst i czas wolny. Dzi\u0119ki temu \u0142atwiej ocenisz, czy oferta pasuje do Twojego do\u015bwiadczenia oraz stylu pracy. Zobacz tak\u017ce <strong><a href=\"https:\/\/comfortcare.pl\/oferty-pracy\/\" target=\"_blank\" rel=\"noopener\">aktualne oferty pracy dla opiekunek w Niemczech<\/a><\/strong> oraz praktyczne informacje <a href=\"https:\/\/comfortcare.pl\/dla-opiekunki\/\" target=\"_blank\" rel=\"noopener\">w zak\u0142adce Dla Opiekunki.<\/a><\/p>\n\n\n\n<h2 class=\"wp-block-heading\">Podsumowanie<\/h2>\n\n\n\n<p class=\"wp-block-paragraph\">Dobry plan dnia opiekunki w Niemczech to nie sztywny grafik. To spokojny rytm, kt\u00f3ry pomaga seniorowi czu\u0107 si\u0119 bezpiecznie, a opiekunce lepiej organizowa\u0107 prac\u0119.<\/p>\n\n\n\n<p class=\"wp-block-paragraph\">Najwa\u017cniejsze s\u0105 sta\u0142e punkty: leki, posi\u0142ki, nawodnienie, higiena, aktywno\u015b\u0107, odpoczynek i wieczorne wyciszenie. Pomi\u0119dzy nimi warto zostawi\u0107 elastyczne okna, bo w opiece zawsze mo\u017ce wydarzy\u0107 si\u0119 co\u015b nieprzewidzianego.<\/p>\n\n\n\n<p class=\"wp-block-paragraph\">Szukasz spokojnego i sprawdzonego zlecenia w opiece? <a href=\"https:\/\/comfortcare.pl\/\" target=\"_blank\" rel=\"noopener\"><strong>Sprawd\u017a oferty pracy w Niemczech <\/strong><\/a>albo <a>skontaktuj si\u0119 z nami<\/a>, aby porozmawia\u0107 o zleceniu dopasowanym do Twojego do\u015bwiadczenia i oczekiwa\u0144.<\/p>\n\n\n\n<h2 class=\"wp-block-heading\">___________________________<\/h2>\n\n\n\n<h2 class=\"wp-block-heading\">FAQ<\/h2>\n\n\n\n<h3 class=\"wp-block-heading\">Jak u\u0142o\u017cy\u0107 plan dnia opiekunki w Niemczech?<\/h3>\n\n\n\n<p class=\"wp-block-paragraph\">Najlepiej zacz\u0105\u0107 od kilku sta\u0142ych punkt\u00f3w: porannej toalety, lek\u00f3w, posi\u0142k\u00f3w, nawodnienia, aktywno\u015bci, odpoczynku i wieczornego wyciszenia. Pomi\u0119dzy nimi warto zostawi\u0107 elastyczne przerwy na nieprzewidziane sytuacje.<\/p>\n\n\n\n<h3 class=\"wp-block-heading\">Czy plan dnia seniora musi by\u0107 dok\u0142adny co do godziny?<\/h3>\n\n\n\n<p class=\"wp-block-paragraph\">Nie. W opiece lepiej sprawdza si\u0119 rytm ni\u017c sztywny grafik. Senior powinien mie\u0107 poczucie przewidywalno\u015bci, ale plan musi by\u0107 na tyle elastyczny, aby dopasowa\u0107 si\u0119 do jego samopoczucia.<\/p>\n\n\n\n<h3 class=\"wp-block-heading\">Dlaczego rutyna jest wa\u017cna przy demencji?<\/h3>\n\n\n\n<p class=\"wp-block-paragraph\">Rutyna mo\u017ce zmniejsza\u0107 niepok\u00f3j i u\u0142atwia\u0107 codzienne funkcjonowanie. Osoba z demencj\u0105 cz\u0119sto lepiej reaguje na powtarzaln\u0105 kolejno\u015b\u0107 czynno\u015bci, znane rytua\u0142y i spokojne tempo dnia.<\/p>\n\n\n\n<h3 class=\"wp-block-heading\">Co zrobi\u0107, gdy senior nie chce trzyma\u0107 si\u0119 planu?<\/h3>\n\n\n\n<p class=\"wp-block-paragraph\">Nie warto zmusza\u0107 seniora na si\u0142\u0119. Lepiej spokojnie zaproponowa\u0107 inn\u0105 aktywno\u015b\u0107, zrobi\u0107 kr\u00f3tk\u0105 przerw\u0119 albo wr\u00f3ci\u0107 do planu p\u00f3\u017aniej. Najwa\u017cniejsze s\u0105 bezpiecze\u0144stwo, leki, posi\u0142ki, nawodnienie i podstawowa higiena.<\/p>\n\n\n\n<h3 class=\"wp-block-heading\">Czy opiekunka powinna robi\u0107 notatki na zleceniu?<\/h3>\n\n\n\n<p class=\"wp-block-paragraph\">Tak, kr\u00f3tkie notatki bardzo pomagaj\u0105. Warto zapisywa\u0107 sen, apetyt, ilo\u015b\u0107 wypitych p\u0142yn\u00f3w, nastr\u00f3j, nietypowe objawy i wa\u017cne sytuacje. Dzi\u0119ki temu \u0142atwiej rozmawia\u0107 z rodzin\u0105 seniora, koordynatorem lub Pflegedienst.<\/p>\n","protected":false},"excerpt":{"rendered":"<p>Plan dnia opiekunki w Niemczech nie musi by\u0107 rozpisany co do minuty. Wa\u017cniejsze jest to, aby senior mia\u0142 sta\u0142e punkty dnia, a opiekunka wiedzia\u0142a, co jest najwa\u017cniejsze i co mo\u017cna przesun\u0105\u0107, gdy pojawi si\u0119 gorszy moment. Dobry rytm dnia na zleceniu daje spok\u00f3j obu stronom. Senior czuje si\u0119 bezpieczniej, \u0142atwiej wsp\u00f3\u0142pracuje i mniej si\u0119 stresuje. [&hellip;]<\/p>\n","protected":false},"author":3,"featured_media":586,"comment_status":"open","ping_status":"open","sticky":false,"template":"","format":"standard","meta":{"footnotes":""},"categories":[32],"tags":[49,44,42,26,50,47,45],"class_list":["post-585","post","type-post","status-publish","format-standard","has-post-thumbnail","hentry","category-poradnik","tag-opiekunka-osob-starszych","tag-pierwszy-wyjazd-do-opieki","tag-poradnik-opiekunki","tag-praca-opiekunki-w-niemczech","tag-praca-w-niemczech","tag-praca-w-opiece-niemcy","tag-przygotowanie-do-zlecenia"],"_links":{"self":[{"href":"https:\/\/stage.comfortcare.pl\/index.php\/wp-json\/wp\/v2\/posts\/585","targetHints":{"allow":["GET"]}}],"collection":[{"href":"https:\/\/stage.comfortcare.pl\/index.php\/wp-json\/wp\/v2\/posts"}],"about":[{"href":"https:\/\/stage.comfortcare.pl\/index.php\/wp-json\/wp\/v2\/types\/post"}],"author":[{"embeddable":true,"href":"https:\/\/stage.comfortcare.pl\/index.php\/wp-json\/wp\/v2\/users\/3"}],"replies":[{"embeddable":true,"href":"https:\/\/stage.comfortcare.pl\/index.php\/wp-json\/wp\/v2\/comments?post=585"}],"version-history":[{"count":1,"href":"https:\/\/stage.comfortcare.pl\/index.php\/wp-json\/wp\/v2\/posts\/585\/revisions"}],"predecessor-version":[{"id":587,"href":"https:\/\/stage.comfortcare.pl\/index.php\/wp-json\/wp\/v2\/posts\/585\/revisions\/587"}],"wp:featuredmedia":[{"embeddable":true,"href":"https:\/\/stage.comfortcare.pl\/index.php\/wp-json\/wp\/v2\/media\/586"}],"wp:attachment":[{"href":"https:\/\/stage.comfortcare.pl\/index.php\/wp-json\/wp\/v2\/media?parent=585"}],"wp:term":[{"taxonomy":"category","embeddable":true,"href":"https:\/\/stage.comfortcare.pl\/index.php\/wp-json\/wp\/v2\/categories?post=585"},{"taxonomy":"post_tag","embeddable":true,"href":"https:\/\/stage.comfortcare.pl\/index.php\/wp-json\/wp\/v2\/tags?post=585"}],"curies":[{"name":"wp","href":"https:\/\/api.w.org\/{rel}","templated":true}]}}